[{"@context":"https:\/\/schema.org\/","@type":"Article","@id":"https:\/\/www.masacre.cz\/cestujte-po-ceske-republice\/#Article","mainEntityOfPage":"https:\/\/www.masacre.cz\/cestujte-po-ceske-republice\/","headline":"Cestujte po \u010cesk\u00e9 republice","name":"Cestujte po \u010cesk\u00e9 republice","description":"Na\u010d se vyd\u00e1vat daleko za hranice, kdy\u017e toho m\u00e1 na\u0161e zem\u011b tolik nab\u00eddnout. \u010cesk\u00e1 republika skr\u00fdv\u00e1 m\u00edsta, o kter\u00fdch se v\u00e1m snad ani nesnilo. M\u00edsta opl\u00fdvaj\u00edc\u00ed p\u0159\u00edrodn\u00edm bohatstv\u00edm a histori\u00ed. Cel\u00e1 \u010cesk\u00e1 republika se d\u00e1 pom\u011brn\u011b snadno projet vlakem, autobusem a samoz\u0159ejm\u011b i autem. Cyklist\u00e9 si zde taky rozhodn\u011b p\u0159ijdou na sv\u00e9.Pro\u010d pr\u00e1v\u011b \u010cesk\u00e1 republika? [&hellip;]","datePublished":"2025-03-07","dateModified":"2023-04-29","author":{"@type":"Person","@id":"https:\/\/www.masacre.cz\/author\/#Person","name":"masacre.cz\n","url":"https:\/\/www.masacre.cz\/author\/","identifier":1,"image":{"@type":"ImageObject","@id":"https:\/\/secure.gravatar.com\/avatar\/8eaf08ef5a7e54fc91db02b2058b03bc913caaaa39c046819bbf43d06bd23c2b?s=96&d=mm&r=g","url":"https:\/\/secure.gravatar.com\/avatar\/8eaf08ef5a7e54fc91db02b2058b03bc913caaaa39c046819bbf43d06bd23c2b?s=96&d=mm&r=g","height":96,"width":96}},"publisher":{"@type":"Organization","name":"masacre.cz","logo":{"@type":"ImageObject","@id":"\/logo.png","url":"\/logo.png","width":600,"height":60}},"image":{"@type":"ImageObject","@id":"https:\/\/www.masacre.cz\/wp-content\/uploads\/img_a303831_w1892_t1514631484.jpg","url":"https:\/\/www.masacre.cz\/wp-content\/uploads\/img_a303831_w1892_t1514631484.jpg","height":0,"width":0},"url":"https:\/\/www.masacre.cz\/cestujte-po-ceske-republice\/","about":["Cestov\u00e1n\u00ed"],"wordCount":414,"articleBody":"Na\u010d se vyd\u00e1vat daleko za hranice, kdy\u017e toho m\u00e1 na\u0161e zem\u011b tolik nab\u00eddnout. \u010cesk\u00e1 republika skr\u00fdv\u00e1 m\u00edsta, o kter\u00fdch se v\u00e1m snad ani nesnilo. M\u00edsta opl\u00fdvaj\u00edc\u00ed p\u0159\u00edrodn\u00edm bohatstv\u00edm a histori\u00ed. Cel\u00e1 \u010cesk\u00e1 republika se d\u00e1 pom\u011brn\u011b snadno projet vlakem, autobusem a samoz\u0159ejm\u011b i autem. Cyklist\u00e9 si zde taky rozhodn\u011b p\u0159ijdou na sv\u00e9.Pro\u010d pr\u00e1v\u011b \u010cesk\u00e1 republika? V\u00fdjezd za hranice je v\u011bt\u0161inou finan\u010dn\u011b n\u00e1ro\u010dn\u011bj\u0161\u00ed ne\u017e dovolen\u00e1 v na\u0161\u00ed rodn\u00e9 zemi. Co se organizace t\u00fd\u010de, v\u00fdletem po \u010cR si u\u0161et\u0159\u00edte spoustu starost\u00ed s propadl\u00fdm pasem, v\u00fdm\u011bnou pen\u011bz, cestovn\u00edm poji\u0161t\u011bn\u00edm a vyhnete se tak hodin\u00e1m \u010di dn\u016fm str\u00e1ven\u00fdm v autobuse, ve vlaku, nebo v letadle.Kam se vydat?\u2022 Jesen\u00edky&#8211; \u010casto opom\u00edjen\u00e9 Jesen\u00edky s nejvy\u0161\u0161\u00edm vrcholem Moravy se py\u0161n\u00ed n\u00e1dhernou p\u0159\u00edrodou a stoj\u00ed rozhodn\u011b za n\u00e1v\u0161t\u011bvu jak v zim\u011b, tak i v l\u00e9t\u011b. Proch\u00e1zka \u00fadol\u00edm B\u00edl\u00e9 Opavy pat\u0159\u00ed mezi m\u00e9 \u00fapln\u011b nejobl\u00edben\u011bj\u0161\u00ed a p\u0159i pohledu na o kameny t\u0159\u00ed\u0161t\u00edc\u00ed se vodop\u00e1dy se mi v\u017edy taj\u00ed dech.\u2022 Olomouc&#8211; Historick\u00e9 m\u011bsto krom\u011b orloje oslov\u00ed turisty i rozs\u00e1hl\u00fdmi parky pln\u00fdmi zelen\u011b a \u00fatuln\u00fdmi kav\u00e1rnami, na kter\u00e9 naraz\u00edte skoro na ka\u017ed\u00e9m rohu.\u2022 Tel\u010d&#8211; Historick\u00e9 centrum m\u011bsta py\u0161n\u00edc\u00ed se malebn\u00fdmi domy lemuj\u00edc\u00edmi n\u00e1m\u011bst\u00ed je n\u011bco, co si nem\u016f\u017eete nechat uj\u00edt.\u2022 Beskydy&#8211; Co by si nikdo nem\u011bl nechat uj\u00edt, je n\u00e1v\u0161t\u011bva sedla Pustevny, kter\u00e9 je typick\u00e9 sv\u00fdmi d\u0159ev\u011bn\u00fdmi srubov\u00fdmi stavbami. Vynechat byste ur\u010dit\u011b nem\u011bli i v\u00fd\u0161lap na vrchol Radho\u0161\u0165, s\u00eddlo slovansk\u00e9ho boha Radegasta.\u2022 Ji\u017en\u00ed Morava&#8211; Oblast P\u00e1lavy je r\u00e1jem nejen v\u0161ech milovn\u00edk\u016f dobr\u00e9ho v\u00edna, ale tak\u00e9 cyklist\u016f. Velk\u00fdm l\u00e1kadlem je Lednicko-valtick\u00fd are\u00e1l, kter\u00fd je zaps\u00e1n na seznamu UNESCO. Jedin\u00e9, co by se dalo pova\u017eovat za nedostatek je absence mo\u0159e, kterou ale kompenzuje nep\u0159ebern\u00e9 mno\u017estv\u00ed rybn\u00edk\u016f, p\u0159ehrad a vodn\u00edch n\u00e1dr\u017e\u00ed. Tak co, d\u00e1te cestov\u00e1n\u00ed po \u010cesku \u0161anci? Pokud v\u00e1s zaj\u00edm\u00e1 o cestov\u00e1n\u00ed po \u010cR v\u00edce, na  na v\u00e1s \u010dekaj\u00ed dal\u0161\u00ed tipy.                                                                                                                                                                                                                                                                                                                                                                                        4.5\/5 - (8 votes)        "},{"@context":"https:\/\/schema.org\/","@type":"BreadcrumbList","itemListElement":[{"@type":"ListItem","position":1,"name":"Cestujte po \u010cesk\u00e9 republice","item":"https:\/\/www.masacre.cz\/cestujte-po-ceske-republice\/#breadcrumbitem"}]}]