{"@context":"https:\/\/schema.org\/","@type":"CollectionPage","@id":"https:\/\/www.masacre.cz\/deti\/#CollectionPage","headline":"D\u011bti Category","description":"","url":"https:\/\/www.masacre.cz\/deti\/","hasPart":[{"@type":"Article","@id":"https:\/\/www.masacre.cz\/jak-na-spravny-vyvoj-reci-u-deti\/","headline":"Jak na spr\u00e1vn\u00fd v\u00fdvoj \u0159e\u010di u d\u011bt\u00ed","url":"https:\/\/www.masacre.cz\/jak-na-spravny-vyvoj-reci-u-deti\/","datePublished":"2025-03-08","dateModified":"2023-04-29","mainEntityOfPage":"https:\/\/www.masacre.cz\/jak-na-spravny-vyvoj-reci-u-deti\/","author":{"@type":"Person","@id":"https:\/\/www.masacre.cz\/author\/#Person","name":"masacre.cz\n","url":"https:\/\/www.masacre.cz\/author\/","identifier":1,"image":{"@type":"ImageObject","@id":"https:\/\/secure.gravatar.com\/avatar\/8eaf08ef5a7e54fc91db02b2058b03bc913caaaa39c046819bbf43d06bd23c2b?s=96&d=mm&r=g","url":"https:\/\/secure.gravatar.com\/avatar\/8eaf08ef5a7e54fc91db02b2058b03bc913caaaa39c046819bbf43d06bd23c2b?s=96&d=mm&r=g","height":96,"width":96}},"publisher":{"@type":"Organization","name":"masacre.cz","logo":{"@type":"ImageObject","@id":"\/logo.png","url":"\/logo.png","width":600,"height":60}},"image":{"@type":"ImageObject","@id":"https:\/\/www.masacre.cz\/wp-content\/uploads\/img_a290373_w1892_t1502910939.jpg","url":"https:\/\/www.masacre.cz\/wp-content\/uploads\/img_a290373_w1892_t1502910939.jpg","height":0,"width":0},"keywords":null},{"@type":"Article","@id":"https:\/\/www.masacre.cz\/do-tydne-jsme-bez-dudliku\/","headline":"Do t\u00fddne jsme bez dudl\u00edku!","url":"https:\/\/www.masacre.cz\/do-tydne-jsme-bez-dudliku\/","datePublished":"2025-03-04","dateModified":"2023-04-29","mainEntityOfPage":"https:\/\/www.masacre.cz\/do-tydne-jsme-bez-dudliku\/","author":{"@type":"Person","@id":"https:\/\/www.masacre.cz\/author\/#Person","name":"masacre.cz\n","url":"https:\/\/www.masacre.cz\/author\/","identifier":1,"image":{"@type":"ImageObject","@id":"https:\/\/secure.gravatar.com\/avatar\/8eaf08ef5a7e54fc91db02b2058b03bc913caaaa39c046819bbf43d06bd23c2b?s=96&d=mm&r=g","url":"https:\/\/secure.gravatar.com\/avatar\/8eaf08ef5a7e54fc91db02b2058b03bc913caaaa39c046819bbf43d06bd23c2b?s=96&d=mm&r=g","height":96,"width":96}},"publisher":{"@type":"Organization","name":"masacre.cz","logo":{"@type":"ImageObject","@id":"\/logo.png","url":"\/logo.png","width":600,"height":60}},"image":{"@type":"ImageObject","@id":"https:\/\/www.masacre.cz\/wp-content\/uploads\/img_a310909_w1892_t1521836233.jpg","url":"https:\/\/www.masacre.cz\/wp-content\/uploads\/img_a310909_w1892_t1521836233.jpg","height":0,"width":0},"keywords":null},{"@type":"Article","@id":"https:\/\/www.masacre.cz\/kdo-neskace-neni-cech-aneb-skakani-jako-sport-i-zabava\/","headline":"Kdo nesk\u00e1\u010de nen\u00ed \u010cech, aneb sk\u00e1k\u00e1n\u00ed jako sport i z\u00e1bava","url":"https:\/\/www.masacre.cz\/kdo-neskace-neni-cech-aneb-skakani-jako-sport-i-zabava\/","datePublished":"2025-03-03","dateModified":"2023-04-29","mainEntityOfPage":"https:\/\/www.masacre.cz\/kdo-neskace-neni-cech-aneb-skakani-jako-sport-i-zabava\/","author":{"@type":"Person","@id":"https:\/\/www.masacre.cz\/author\/#Person","name":"masacre.cz\n","url":"https:\/\/www.masacre.cz\/author\/","identifier":1,"image":{"@type":"ImageObject","@id":"https:\/\/secure.gravatar.com\/avatar\/8eaf08ef5a7e54fc91db02b2058b03bc913caaaa39c046819bbf43d06bd23c2b?s=96&d=mm&r=g","url":"https:\/\/secure.gravatar.com\/avatar\/8eaf08ef5a7e54fc91db02b2058b03bc913caaaa39c046819bbf43d06bd23c2b?s=96&d=mm&r=g","height":96,"width":96}},"publisher":{"@type":"Organization","name":"masacre.cz","logo":{"@type":"ImageObject","@id":"\/logo.png","url":"\/logo.png","width":600,"height":60}},"image":{"@type":"ImageObject","@id":"https:\/\/www.masacre.cz\/wp-content\/uploads\/img_a300208_w1892_t1510252445.jpg","url":"https:\/\/www.masacre.cz\/wp-content\/uploads\/img_a300208_w1892_t1510252445.jpg","height":0,"width":0},"keywords":null},{"@type":"Article","@id":"https:\/\/www.masacre.cz\/hyperaktivni-versus-zlobive-deti\/","headline":"Hyperaktivn\u00ed versus zlobiv\u00e9 d\u011bti","url":"https:\/\/www.masacre.cz\/hyperaktivni-versus-zlobive-deti\/","datePublished":"2025-03-02","dateModified":"2023-04-29","mainEntityOfPage":"https:\/\/www.masacre.cz\/hyperaktivni-versus-zlobive-deti\/","author":{"@type":"Person","@id":"https:\/\/www.masacre.cz\/author\/#Person","name":"masacre.cz\n","url":"https:\/\/www.masacre.cz\/author\/","identifier":1,"image":{"@type":"ImageObject","@id":"https:\/\/secure.gravatar.com\/avatar\/8eaf08ef5a7e54fc91db02b2058b03bc913caaaa39c046819bbf43d06bd23c2b?s=96&d=mm&r=g","url":"https:\/\/secure.gravatar.com\/avatar\/8eaf08ef5a7e54fc91db02b2058b03bc913caaaa39c046819bbf43d06bd23c2b?s=96&d=mm&r=g","height":96,"width":96}},"publisher":{"@type":"Organization","name":"masacre.cz","logo":{"@type":"ImageObject","@id":"\/logo.png","url":"\/logo.png","width":600,"height":60}},"image":{"@type":"ImageObject","@id":"https:\/\/www.masacre.cz\/wp-content\/uploads\/img_a301092_w2045_t1511190492.jpg","url":"https:\/\/www.masacre.cz\/wp-content\/uploads\/img_a301092_w2045_t1511190492.jpg","height":0,"width":0},"keywords":null},{"@type":"Article","@id":"https:\/\/www.masacre.cz\/stop-opruzeninam\/","headline":"Stop opruzenin\u00e1m","url":"https:\/\/www.masacre.cz\/stop-opruzeninam\/","datePublished":"2023-04-29","dateModified":"2023-04-29","mainEntityOfPage":"https:\/\/www.masacre.cz\/stop-opruzeninam\/","author":{"@type":"Person","@id":"https:\/\/www.masacre.cz\/author\/#Person","name":"masacre.cz\n","url":"https:\/\/www.masacre.cz\/author\/","identifier":1,"image":{"@type":"ImageObject","@id":"https:\/\/secure.gravatar.com\/avatar\/8eaf08ef5a7e54fc91db02b2058b03bc913caaaa39c046819bbf43d06bd23c2b?s=96&d=mm&r=g","url":"https:\/\/secure.gravatar.com\/avatar\/8eaf08ef5a7e54fc91db02b2058b03bc913caaaa39c046819bbf43d06bd23c2b?s=96&d=mm&r=g","height":96,"width":96}},"publisher":{"@type":"Organization","name":"masacre.cz","logo":{"@type":"ImageObject","@id":"\/logo.png","url":"\/logo.png","width":600,"height":60}},"image":null,"keywords":null},{"@type":"Article","@id":"https:\/\/www.masacre.cz\/nabizime-vam-zabavu-ktera-vase-deti-nikdy-neomrzi\/","headline":"Nab\u00edz\u00edme v\u00e1m z\u00e1bavu, kter\u00e1 va\u0161e d\u011bti nikdy neomrz\u00ed","url":"https:\/\/www.masacre.cz\/nabizime-vam-zabavu-ktera-vase-deti-nikdy-neomrzi\/","datePublished":"2023-04-29","dateModified":"2023-04-29","mainEntityOfPage":"https:\/\/www.masacre.cz\/nabizime-vam-zabavu-ktera-vase-deti-nikdy-neomrzi\/","author":{"@type":"Person","@id":"https:\/\/www.masacre.cz\/author\/#Person","name":"masacre.cz\n","url":"https:\/\/www.masacre.cz\/author\/","identifier":1,"image":{"@type":"ImageObject","@id":"https:\/\/secure.gravatar.com\/avatar\/8eaf08ef5a7e54fc91db02b2058b03bc913caaaa39c046819bbf43d06bd23c2b?s=96&d=mm&r=g","url":"https:\/\/secure.gravatar.com\/avatar\/8eaf08ef5a7e54fc91db02b2058b03bc913caaaa39c046819bbf43d06bd23c2b?s=96&d=mm&r=g","height":96,"width":96}},"publisher":{"@type":"Organization","name":"masacre.cz","logo":{"@type":"ImageObject","@id":"\/logo.png","url":"\/logo.png","width":600,"height":60}},"image":null,"keywords":null},{"@type":"Article","@id":"https:\/\/www.masacre.cz\/dospele-deti\/","headline":"Dosp\u011bl\u00e9 d\u011bti","url":"https:\/\/www.masacre.cz\/dospele-deti\/","datePublished":"2023-04-29","dateModified":"2023-04-29","mainEntityOfPage":"https:\/\/www.masacre.cz\/dospele-deti\/","author":{"@type":"Person","@id":"https:\/\/www.masacre.cz\/author\/#Person","name":"masacre.cz\n","url":"https:\/\/www.masacre.cz\/author\/","identifier":1,"image":{"@type":"ImageObject","@id":"https:\/\/secure.gravatar.com\/avatar\/8eaf08ef5a7e54fc91db02b2058b03bc913caaaa39c046819bbf43d06bd23c2b?s=96&d=mm&r=g","url":"https:\/\/secure.gravatar.com\/avatar\/8eaf08ef5a7e54fc91db02b2058b03bc913caaaa39c046819bbf43d06bd23c2b?s=96&d=mm&r=g","height":96,"width":96}},"publisher":{"@type":"Organization","name":"masacre.cz","logo":{"@type":"ImageObject","@id":"\/logo.png","url":"\/logo.png","width":600,"height":60}},"image":null,"keywords":null},{"@type":"Article","@id":"https:\/\/www.masacre.cz\/pripravit-dite-na-dite\/","headline":"P\u0159ipravit d\u00edt\u011b na d\u00edt\u011b","url":"https:\/\/www.masacre.cz\/pripravit-dite-na-dite\/","datePublished":"2023-04-29","dateModified":"2023-04-29","mainEntityOfPage":"https:\/\/www.masacre.cz\/pripravit-dite-na-dite\/","author":{"@type":"Person","@id":"https:\/\/www.masacre.cz\/author\/#Person","name":"masacre.cz\n","url":"https:\/\/www.masacre.cz\/author\/","identifier":1,"image":{"@type":"ImageObject","@id":"https:\/\/secure.gravatar.com\/avatar\/8eaf08ef5a7e54fc91db02b2058b03bc913caaaa39c046819bbf43d06bd23c2b?s=96&d=mm&r=g","url":"https:\/\/secure.gravatar.com\/avatar\/8eaf08ef5a7e54fc91db02b2058b03bc913caaaa39c046819bbf43d06bd23c2b?s=96&d=mm&r=g","height":96,"width":96}},"publisher":{"@type":"Organization","name":"masacre.cz","logo":{"@type":"ImageObject","@id":"\/logo.png","url":"\/logo.png","width":600,"height":60}},"image":null,"keywords":null},{"@type":"Article","@id":"https:\/\/www.masacre.cz\/jedinacek-v-rodine\/","headline":"Jedin\u00e1\u010dek v rodin\u011b","url":"https:\/\/www.masacre.cz\/jedinacek-v-rodine\/","datePublished":"2023-04-29","dateModified":"2023-04-29","mainEntityOfPage":"https:\/\/www.masacre.cz\/jedinacek-v-rodine\/","author":{"@type":"Person","@id":"https:\/\/www.masacre.cz\/author\/#Person","name":"masacre.cz\n","url":"https:\/\/www.masacre.cz\/author\/","identifier":1,"image":{"@type":"ImageObject","@id":"https:\/\/secure.gravatar.com\/avatar\/8eaf08ef5a7e54fc91db02b2058b03bc913caaaa39c046819bbf43d06bd23c2b?s=96&d=mm&r=g","url":"https:\/\/secure.gravatar.com\/avatar\/8eaf08ef5a7e54fc91db02b2058b03bc913caaaa39c046819bbf43d06bd23c2b?s=96&d=mm&r=g","height":96,"width":96}},"publisher":{"@type":"Organization","name":"masacre.cz","logo":{"@type":"ImageObject","@id":"\/logo.png","url":"\/logo.png","width":600,"height":60}},"image":null,"keywords":null},{"@type":"Article","@id":"https:\/\/www.masacre.cz\/7-rad-jak-zaridit-detsky-pokoj\/","headline":"7 rad, jak za\u0159\u00eddit d\u011btsk\u00fd pokoj","url":"https:\/\/www.masacre.cz\/7-rad-jak-zaridit-detsky-pokoj\/","datePublished":"2019-06-26","dateModified":"2023-04-29","mainEntityOfPage":"https:\/\/www.masacre.cz\/7-rad-jak-zaridit-detsky-pokoj\/","author":{"@type":"Person","@id":"https:\/\/www.masacre.cz\/author\/#Person","name":"masacre.cz\n","url":"https:\/\/www.masacre.cz\/author\/","identifier":1,"image":{"@type":"ImageObject","@id":"https:\/\/secure.gravatar.com\/avatar\/8eaf08ef5a7e54fc91db02b2058b03bc913caaaa39c046819bbf43d06bd23c2b?s=96&d=mm&r=g","url":"https:\/\/secure.gravatar.com\/avatar\/8eaf08ef5a7e54fc91db02b2058b03bc913caaaa39c046819bbf43d06bd23c2b?s=96&d=mm&r=g","height":96,"width":96}},"publisher":{"@type":"Organization","name":"masacre.cz","logo":{"@type":"ImageObject","@id":"\/logo.png","url":"\/logo.png","width":600,"height":60}},"image":{"@type":"ImageObject","@id":"https:\/\/www.masacre.cz\/wp-content\/uploads\/img_a347278_w1892_t1561477231.jpg","url":"https:\/\/www.masacre.cz\/wp-content\/uploads\/img_a347278_w1892_t1561477231.jpg","height":0,"width":0},"keywords":null}]}