[{"@context":"https:\/\/schema.org\/","@type":"Article","@id":"https:\/\/www.masacre.cz\/na-zadne-akci-vam-nesmi-chybet-prakticke-psanicko\/#Article","mainEntityOfPage":"https:\/\/www.masacre.cz\/na-zadne-akci-vam-nesmi-chybet-prakticke-psanicko\/","headline":"Na \u017e\u00e1dn\u00e9 akci v\u00e1m nesm\u00ed chyb\u011bt praktick\u00e9 psan\u00ed\u010dko","name":"Na \u017e\u00e1dn\u00e9 akci v\u00e1m nesm\u00ed chyb\u011bt praktick\u00e9 psan\u00ed\u010dko","description":"Pokud jste \u017eenou, co o sebe r\u00e1da db\u00e1, r\u00e1da se obl\u00e9k\u00e1 a zkr\u00e1tka v\u00e1m z\u00e1le\u017e\u00ed na tom, jak vypad\u00e1te, pak je to jist\u011b zn\u00e1t i na va\u0161em \u0161atn\u00edku. A co nesm\u00ed \u017e\u00e1dn\u00e9 \u017een\u011b v \u0161atn\u00edku krom\u011b oble\u010den\u00ed chyb\u011bt? No p\u0159ece r\u016fzn\u00e9 m\u00f3dn\u00ed dopl\u0148ky, mezi kter\u00e9 bezesporu pat\u0159\u00ed tak\u00e9 kabelky. Ty b\u011b\u017en\u011b vyu\u017eijete pro ka\u017edodenn\u00ed no\u0161en\u00ed [&hellip;]","datePublished":"2020-11-10","dateModified":"2020-11-10","author":{"@type":"Person","@id":"https:\/\/www.masacre.cz\/author\/#Person","name":"masacre.cz\n","url":"https:\/\/www.masacre.cz\/author\/","identifier":1,"image":{"@type":"ImageObject","@id":"https:\/\/secure.gravatar.com\/avatar\/8eaf08ef5a7e54fc91db02b2058b03bc913caaaa39c046819bbf43d06bd23c2b?s=96&d=mm&r=g","url":"https:\/\/secure.gravatar.com\/avatar\/8eaf08ef5a7e54fc91db02b2058b03bc913caaaa39c046819bbf43d06bd23c2b?s=96&d=mm&r=g","height":96,"width":96}},"publisher":{"@type":"Organization","name":"masacre.cz","logo":{"@type":"ImageObject","@id":"\/logo.png","url":"\/logo.png","width":600,"height":60}},"url":"https:\/\/www.masacre.cz\/na-zadne-akci-vam-nesmi-chybet-prakticke-psanicko\/","about":["Slu\u017eby"],"wordCount":412,"articleBody":"            Pokud jste \u017eenou, co o sebe r\u00e1da db\u00e1, r\u00e1da se obl\u00e9k\u00e1 a zkr\u00e1tka v\u00e1m z\u00e1le\u017e\u00ed na tom, jak vypad\u00e1te, pak je to jist\u011b zn\u00e1t i na va\u0161em \u0161atn\u00edku. A co nesm\u00ed \u017e\u00e1dn\u00e9 \u017een\u011b v \u0161atn\u00edku krom\u011b oble\u010den\u00ed chyb\u011bt? No p\u0159ece r\u016fzn\u00e9 m\u00f3dn\u00ed dopl\u0148ky, mezi kter\u00e9 bezesporu pat\u0159\u00ed tak\u00e9 kabelky. Ty b\u011b\u017en\u011b vyu\u017eijete pro ka\u017edodenn\u00ed no\u0161en\u00ed do pr\u00e1ce nebo p\u0159i r\u016fzn\u00fdch poch\u016fzk\u00e1ch. Ale co zvolit t\u0159eba na ples?Na ples nebo podobnou akci se v\u00e1m k jak\u00fdmkoliv \u0161at\u016fm skv\u011ble hod\u00ed praktick\u00e1 kabelka psan\u00ed\u010dko. Na takov\u00e9 akci nepot\u0159ebujete m\u00edt p\u0159i sob\u011b spoustu v\u011bc\u00ed, ale vysta\u010d\u00edte si s m\u00e1lem, kter\u00fdmi jsou nutnosti jako pen\u011b\u017eenka, doklady, mobiln\u00ed telefon, kl\u00ed\u010de a p\u0159\u00edpadn\u011b tak\u00e9 kosmetick\u00e1 ta\u0161ti\u010dka. Nic v\u00edc nepot\u0159ebujete a nemus\u00edte si tedy zbyte\u010dn\u011b v\u00e1\u0161 outfit kazit nadm\u011brnou kabelkou. Tento v\u00e1\u0161 dopln\u011bk m\u016f\u017eete snadno sladit s celkov\u00fdm outfitem. Pokud si zvol\u00edte neutr\u00e1ln\u00ed \u010dernou barvu, pak se v\u00e1m hod\u00ed ke v\u0161emu a nemus\u00edte se ob\u00e1vat \u017e\u00e1dn\u00fdch m\u00f3dn\u00edch faux-paux. Psan\u00ed\u010dko m\u016f\u017eete nosit v ruce nebo tak\u00e9 m\u016f\u017eete vyu\u017e\u00edt \u0159et\u00edzku nebo p\u00e1sku a nosit ho klasicky p\u0159es rameno, jak jste zvykl\u00e9. P\u0159i vyb\u00edr\u00e1n\u00ed va\u0161eho ve\u010dern\u00edho outfitu dejte prostor fantazii a zvolte si t\u0159eba bl\u00fdskav\u00fd design tohoto m\u00f3dn\u00edho dopl\u0148ku a v\u011b\u0159te, \u017ee tak budete hv\u011bzdou ka\u017ed\u00e9ho ve\u010d\u00edrku a k nep\u0159ehl\u00e9dnut\u00ed. Takov\u00e9 psan\u00ed\u010dko toti\u017e dokonale podtrhne v\u00e1\u0161 outfit i va\u0161e l\u00ed\u010den\u00ed a \u017eenskou kr\u00e1su. U n\u00e1s za naprosto b\u00e1je\u010dnou cenu z\u00edsk\u00e1te praktick\u00fd m\u00f3dn\u00ed dopln\u011bk na jakoukoliv ve\u010dern\u00ed akci, kde se chcete bl\u00fdsknout a dob\u0159e vypadat. Bu\u010fte na plese nebo tane\u010dn\u00ed z\u00e1bav\u011b k nep\u0159ehl\u00e9dnut\u00ed a dejte va\u0161i kr\u00e1su a celkov\u00fd outfit na obdiv ostatn\u00edm. Vyberte si praktick\u00e9 psan\u00ed\u010dko v neutr\u00e1ln\u00ed barv\u011b a p\u0159idejte tak\u00e9 nav\u00edc je\u0161t\u011b jedno ve va\u0161\u00ed obl\u00edben\u00e9 barv\u011b, kterou m\u00e1te r\u00e1da nebo ve stejn\u00e9 barv\u011b va\u0161ich \u0161at\u016f. Budete je tak moci st\u0159\u00eddat p\u0159i r\u016fzn\u00fdch p\u0159\u00edle\u017eitostech.                                                                                                                                                                                                                                                                                                                                                                                          4\/5 - (6 votes)        "},{"@context":"https:\/\/schema.org\/","@type":"BreadcrumbList","itemListElement":[{"@type":"ListItem","position":1,"name":"Na \u017e\u00e1dn\u00e9 akci v\u00e1m nesm\u00ed chyb\u011bt praktick\u00e9 psan\u00ed\u010dko","item":"https:\/\/www.masacre.cz\/na-zadne-akci-vam-nesmi-chybet-prakticke-psanicko\/#breadcrumbitem"}]}]