[{"@context":"https:\/\/schema.org\/","@type":"Article","@id":"https:\/\/www.masacre.cz\/nebavi-vas-se-licit-diky-prodlouzeny-rasam-si-rano-pospite-dele\/#Article","mainEntityOfPage":"https:\/\/www.masacre.cz\/nebavi-vas-se-licit-diky-prodlouzeny-rasam-si-rano-pospite-dele\/","headline":"Nebav\u00ed v\u00e1s se l\u00ed\u010dit? D\u00edky prodlou\u017een\u00fd \u0159as\u00e1m si r\u00e1no posp\u00edte d\u00e9le!","name":"Nebav\u00ed v\u00e1s se l\u00ed\u010dit? D\u00edky prodlou\u017een\u00fd \u0159as\u00e1m si r\u00e1no posp\u00edte d\u00e9le!","description":"Lacin\u00fd dojem? Ani n\u00e1hodou! Ty tam jsou doby, kdy prodlou\u017een\u00e9 \u0159asy znamenaly dva ob\u0159\u00ed v\u011bj\u00ed\u0159e nep\u0159irozen\u011b p\u016fsob\u00edc\u00edch trs\u016f, kter\u00fdmi se zdobily lacin\u00e9 d\u00edvky spole\u010dn\u011b s\u00a0t\u0159pytiv\u00fdmi st\u00edny a k\u0159iklav\u011b rudou rt\u011bnkou. V\u00a0dne\u0161n\u00ed dob\u011b je trend prodlu\u017eov\u00e1n\u00ed \u0159as \u010d\u00edm d\u00e1l popul\u00e1rn\u011bj\u0161\u00ed a to nap\u0159\u00ed\u010d v\u0161emi v\u011bkov\u00fdmi kategoriemi. D\u016fvodu k\u00a0t\u00e9to \u00faprav\u011b m\u016f\u017ee m\u00edt ka\u017ed\u00e1 \u017eena hned n\u011bkolik. P\u0159\u00edroda [&hellip;]","datePublished":"2025-03-06","dateModified":"2023-04-29","author":{"@type":"Person","@id":"https:\/\/www.masacre.cz\/author\/#Person","name":"masacre.cz\n","url":"https:\/\/www.masacre.cz\/author\/","identifier":1,"image":{"@type":"ImageObject","@id":"https:\/\/secure.gravatar.com\/avatar\/8eaf08ef5a7e54fc91db02b2058b03bc913caaaa39c046819bbf43d06bd23c2b?s=96&d=mm&r=g","url":"https:\/\/secure.gravatar.com\/avatar\/8eaf08ef5a7e54fc91db02b2058b03bc913caaaa39c046819bbf43d06bd23c2b?s=96&d=mm&r=g","height":96,"width":96}},"publisher":{"@type":"Organization","name":"masacre.cz","logo":{"@type":"ImageObject","@id":"\/logo.png","url":"\/logo.png","width":600,"height":60}},"image":{"@type":"ImageObject","@id":"https:\/\/www.masacre.cz\/wp-content\/uploads\/img_a291001_w1892_t1503831771.jpg","url":"https:\/\/www.masacre.cz\/wp-content\/uploads\/img_a291001_w1892_t1503831771.jpg","height":0,"width":0},"url":"https:\/\/www.masacre.cz\/nebavi-vas-se-licit-diky-prodlouzeny-rasam-si-rano-pospite-dele\/","about":["Slu\u017eby"],"wordCount":438,"articleBody":"Lacin\u00fd dojem? Ani n\u00e1hodou!Ty tam jsou doby, kdy prodlou\u017een\u00e9 \u0159asy znamenaly dva ob\u0159\u00ed v\u011bj\u00ed\u0159e nep\u0159irozen\u011b p\u016fsob\u00edc\u00edch trs\u016f, kter\u00fdmi se zdobily lacin\u00e9 d\u00edvky spole\u010dn\u011b s\u00a0t\u0159pytiv\u00fdmi st\u00edny a k\u0159iklav\u011b rudou rt\u011bnkou. V\u00a0dne\u0161n\u00ed dob\u011b je trend prodlu\u017eov\u00e1n\u00ed \u0159as \u010d\u00edm d\u00e1l popul\u00e1rn\u011bj\u0161\u00ed a to nap\u0159\u00ed\u010d v\u0161emi v\u011bkov\u00fdmi kategoriemi. D\u016fvodu k\u00a0t\u00e9to \u00faprav\u011b m\u016f\u017ee m\u00edt ka\u017ed\u00e1 \u017eena hned n\u011bkolik.P\u0159\u00edroda nedok\u00e1\u017ee z\u00e1zrakyNe ka\u017ed\u00e1 z n\u00e1s byla obda\u0159ena p\u0159\u00edrodn\u00edmi bujn\u00fdmi \u0159asami, kter\u00e9 p\u0159i mrknut\u00ed zp\u016fsob\u00ed pr\u016fvan v\u00a0cel\u00e9 m\u00edstnosti. Leckter\u00e1 d\u00e1ma o n\u011b tak\u00e9 mohla kv\u016fli nejr\u016fzn\u011bj\u0161\u00edm zdravotn\u00edm komplikac\u00edm, \u00faraz\u016fm, nebo nap\u0159\u00edklad vlivem pou\u017e\u00edv\u00e1n\u00ed nekvalitn\u00edch produkt\u016f v\u00a0ml\u00e1d\u00ed p\u0159ij\u00edt, anebo m\u00e1 \u0159asy po\u0161kozen\u00e9, vypadan\u00e9, \u0159\u00eddk\u00e9, jemn\u00e9 a kr\u00e1tk\u00e9. M\u00e9n\u011b z\u00e1va\u017en\u00fdm, p\u0159esto stejn\u011b tak dobr\u00fdm d\u016fvodem m\u016f\u017ee b\u00fdt pohodlnost \u2013 rozhodn\u011b nen\u00ed kon\u00ed\u010dkem ka\u017ed\u00e9 \u017eeny tr\u00e1vit denn\u011b u zrcadla spoustu \u010dasu zkr\u00e1\u0161lov\u00e1n\u00edm, to ov\u0161em neznamen\u00e1, \u017ee nechce b\u00fdt upraven\u00e1 a m\u00edt okouzluj\u00edc\u00ed o\u010di.Neun\u00e1hlete se \u2013 v\u00fdb\u011br je nejd\u016fle\u017eit\u011bj\u0161\u00edProdlou\u017een\u00ed \u0159as nen\u00ed nijak cenov\u011b nedostupnou procedurou, kterou v\u00a0sou\u010dasn\u00e9 dob\u011b nab\u00edz\u00ed velk\u00e1 \u010d\u00e1st kosmetick\u00fdch salon\u016f. Na prodlou\u017een\u00ed se ov\u0161em nesna\u017ete u\u0161et\u0159it, je to va\u0161e t\u011blo! Ne\u017e se n\u011bkomu sv\u011b\u0159\u00edte do rukou, dob\u0159e si kosmeti\u010dku prov\u011b\u0159te \u2013 krom\u011b ocen\u011bn\u00ed a certifik\u00e1t\u016f o absolvov\u00e1n\u00ed pat\u0159i\u010dn\u00fdch kurz\u016f a \u0161kolen\u00ed bude portfolio fotek jej\u00edch p\u0159edchoz\u00edch prac\u00ed t\u00edm nejlep\u0161\u00edm doporu\u010den\u00edm.MetodyPe\u010dliv\u011b volte i metodu, jakou si \u0159asy nech\u00e1te prodlou\u017eit. M\u016f\u017eete si nechat p\u0159ipevnit \u201e\u0159asu na \u0159asu\u201c, tedy jednotliv\u00e9 nov\u00e9 \u0159asy na va\u0161e p\u016fvodn\u00ed, nebo si nechat nalepit cel\u00e9 mal\u00e9 trsy ob p\u00e1r milimetr\u016f, v\u00fdb\u011br je jen na v\u00e1s, ov\u0161em ne na ka\u017ed\u00fd typ \u0159as a o\u010d\u00ed se hod\u00ed ka\u017ed\u00e1 metoda, proto v\u017edy svou volbu diskutujte v\u00a0salonu, nebo se nebojte nechat si poradit. Pokud si doporu\u010denou metodou nebudete jist\u00e1, nikdy nen\u00ed pozd\u011b zaj\u00edt na druhou konzultaci jinam. Rad\u011bji se poptejte v\u00edckr\u00e1t, ne\u017e abyste pak litovala poka\u017een\u00e9 pr\u00e1ce a nech\u00e1vala si \u0159asy za dal\u0161\u00ed pen\u00edze opravovat jinde.\u00a0                                                                                                                                                                                                                                                                                                                                                                                        4.4\/5 - (7 votes)        "},{"@context":"https:\/\/schema.org\/","@type":"BreadcrumbList","itemListElement":[{"@type":"ListItem","position":1,"name":"Nebav\u00ed v\u00e1s se l\u00ed\u010dit? D\u00edky prodlou\u017een\u00fd \u0159as\u00e1m si r\u00e1no posp\u00edte d\u00e9le!","item":"https:\/\/www.masacre.cz\/nebavi-vas-se-licit-diky-prodlouzeny-rasam-si-rano-pospite-dele\/#breadcrumbitem"}]}]